{"id":58,"date":"2017-07-13T17:14:56","date_gmt":"2017-07-13T17:14:56","guid":{"rendered":"http:\/\/www.caveda31.com\/blog\/?p=58"},"modified":"2022-08-02T10:30:06","modified_gmt":"2022-08-02T10:30:06","slug":"novedades-caveda-31","status":"publish","type":"post","link":"https:\/\/www.caveda31.com\/blog\/2017\/07\/13\/novedades-caveda-31\/","title":{"rendered":"NOVEDADES &#8211; CAVEDA 31"},"content":{"rendered":"\n<p>Muy buenas a todos!<\/p>\n\n\n\n<p>Tras unos d\u00edas sin noticias (mis merecidas vacaciones), hoy os vamos a presentar dos novedades en nuestra cartera. Se trata de dos exclusivos inmuebles situados en plena Calle Ur\u00eda.<\/p>\n\n\n\n<!--more-->\n\n\n\n<p>OFICINA DE LUJO EN EN CENTRO DE OVIEDO:<br>\nSe trata de una oficina situada en una de las mejores zonas de la ciudad y en un edificio emblem\u00e1tico, el edificio de la c\u00fapula, en plena Calle Ur\u00eda.<br>\nEste edificio est\u00e1 en pleno centro financiero y la oficina es ideal para un negocio de prestigio, anteriormente era un despacho de abogac\u00eda. Al ser un edificio hist\u00f3rico, pero reformado, dispone de caracter\u00edsticas especiales que la diferencian del resto como un espectacular portal de entrada, techos altos\u2026.<br>\nEs una primera planta exterior, con dos ventanas a la calle Ur\u00eda, con balcones, y se entregar\u00eda totalmente amueblada, con muebles de alta calidad y dise\u00f1o, lista para iniciar la actividad.<br>\nDispone de dos amplios despachos y un ba\u00f1o completo.<br>\nEl precio es de 600,00 \u20ac + comunidad (unos 80,00 \u20ac)<\/p>\n\n\n\n<p>PISO DE LUJO EN EN CENTRO DE OVIEDO:<br>\nTambi\u00e9n situado en la Calle Ur\u00eda este aparamento tiene m\u00e1s de 60 m2 \u00fatiles. Es una 7\u00aa planta con excelentes vistas al Naranco.<br>\nSe entrega totalmente amueblado y en muy buen estado de conservaci\u00f3n, en pleno coraz\u00f3n de la ciudad y con todos los servicios a un paso. El precio incluye comunidad con calefacci\u00f3n central incluida den el precio.<br>\nPara ma\u00e1s informaci\u00f3n: APARTAMENTO CALLE UR\u00cdA<\/p>\n\n\n\n<p>Seguimos trabajando en ofreceros los mejores inmuebles del mercado.<\/p>\n\n\n\n<p>Esperemos que os gusten.<\/p>\n","protected":false},"excerpt":{"rendered":"<p>Muy buenas a todos! Tras unos d\u00edas sin noticias (mis merecidas vacaciones), hoy os vamos a presentar dos novedades en nuestra cartera. Se trata de dos exclusivos inmuebles situados en plena Calle Ur\u00eda.<\/p>\n","protected":false},"author":1,"featured_media":339,"comment_status":"closed","ping_status":"closed","sticky":false,"template":"","format":"standard","meta":{"footnotes":""},"categories":[5,11,4,15],"tags":[34,23,30,20,25],"class_list":["post-58","post","type-post","status-publish","format-standard","has-post-thumbnail","hentry","category-alquiler","category-noticias-del-sector","category-venta","category-vivir-en-oviedo","tag-alquiler","tag-caveda-31","tag-centro","tag-comprar-piso","tag-oviedo"],"_links":{"self":[{"href":"https:\/\/www.caveda31.com\/blog\/wp-json\/wp\/v2\/posts\/58","targetHints":{"allow":["GET"]}}],"collection":[{"href":"https:\/\/www.caveda31.com\/blog\/wp-json\/wp\/v2\/posts"}],"about":[{"href":"https:\/\/www.caveda31.com\/blog\/wp-json\/wp\/v2\/types\/post"}],"author":[{"embeddable":true,"href":"https:\/\/www.caveda31.com\/blog\/wp-json\/wp\/v2\/users\/1"}],"replies":[{"embeddable":true,"href":"https:\/\/www.caveda31.com\/blog\/wp-json\/wp\/v2\/comments?post=58"}],"version-history":[{"count":2,"href":"https:\/\/www.caveda31.com\/blog\/wp-json\/wp\/v2\/posts\/58\/revisions"}],"predecessor-version":[{"id":340,"href":"https:\/\/www.caveda31.com\/blog\/wp-json\/wp\/v2\/posts\/58\/revisions\/340"}],"wp:featuredmedia":[{"embeddable":true,"href":"https:\/\/www.caveda31.com\/blog\/wp-json\/wp\/v2\/media\/339"}],"wp:attachment":[{"href":"https:\/\/www.caveda31.com\/blog\/wp-json\/wp\/v2\/media?parent=58"}],"wp:term":[{"taxonomy":"category","embeddable":true,"href":"https:\/\/www.caveda31.com\/blog\/wp-json\/wp\/v2\/categories?post=58"},{"taxonomy":"post_tag","embeddable":true,"href":"https:\/\/www.caveda31.com\/blog\/wp-json\/wp\/v2\/tags?post=58"}],"curies":[{"name":"wp","href":"https:\/\/api.w.org\/{rel}","templated":true}]}}