{"id":47,"date":"2017-11-16T16:48:12","date_gmt":"2017-11-16T16:48:12","guid":{"rendered":"http:\/\/www.caveda31.com\/blog\/?p=47"},"modified":"2019-02-27T16:51:39","modified_gmt":"2019-02-27T16:51:39","slug":"novedad-piso-recien-reformado-en-el-centro-de-oviedo","status":"publish","type":"post","link":"https:\/\/www.caveda31.com\/blog\/2017\/11\/16\/novedad-piso-recien-reformado-en-el-centro-de-oviedo\/","title":{"rendered":"Nueva exclusiva: Piso reformado en el centro de Oviedo"},"content":{"rendered":"\n<p>Cuando hablamos de vivir en el centro, la mayor\u00eda de las opciones de las que disponemos son viviendas muy antiguas ya que escasean los edificios de nueva construcci\u00f3n y en muchos casos los precios se disparan. En su mayor\u00eda hablamos de viviendas situados en edificios antiguos de m\u00e1s de 30 a\u00f1os de antig\u00fcedad, que necesitan una actualizaci\u00f3n o en muchos casos una reforma integral.<\/p>\n\n\n\n<!--more-->\n\n\n\n<p>Muchos de nuestros clientes tienen aut\u00e9ntico p\u00e1nico a la palabra reforma, ya que evidentemente el tiempo invertido en la compra de la vivienda se dispara. Hay que buscar presupuestos, escoger materiales, solicitar licencias\u2026 &nbsp;para muchos es un reto bonito ya que permite personalizar la vivienda a nuestro gusto, pero para otros es un aut\u00e9ntico calvario que no est\u00e1n dispuestos a asumir.<\/p>\n\n\n\n<p>Desde <a href=\"http:\/\/www.caveda31.com\">Caveda 31<\/a>, hoy vamos a presentaros esta bonita vivienda totalmente reformada situada en plena Calle Cervantes, en plano centro de la ciudad de Oviedo.<\/p>\n\n\n\n<p>Esta vivienda dispone de 2 dormitorios, 2 ba\u00f1os y un sal\u00f3n-cocina dividido por una barra americana<\/p>\n\n\n\n<p>La vivienda es interior, aunque dispone de muy buena luz, como pod\u00e9is ver en las fotos del sal\u00f3n, se libra la altura respecto al edificio de enfrente. Se han utilizado colores claros y neutros tantos en las pinturas como en los azulejos de los ba\u00f1os. La carpinter\u00eda interior y exterior totalmente lacada en blanca tambi\u00e9n da much\u00edsima luminosidad con lo que nos cuesta darnos cuenta de que es un piso interior.<\/p>\n\n\n\n<p>A continuaci\u00f3n os mostramos una galer\u00eda fotogr\u00e1fica del piso, donde pod\u00e9is ver como se ha aprovechado los espacios y como se ha pensado cada hueco para darle la m\u00e1xima luz:<\/p>\n\n\n\n<div class=\"wp-block-image\"><figure class=\"aligncenter\"><img loading=\"lazy\" decoding=\"async\" width=\"1024\" height=\"684\" src=\"https:\/\/www.caveda31.com\/blog\/wp-content\/uploads\/2019\/02\/7927911438_15-1024x684.jpg\" alt=\"\" class=\"wp-image-196\" srcset=\"https:\/\/www.caveda31.com\/blog\/wp-content\/uploads\/2019\/02\/7927911438_15-1024x684.jpg 1024w, https:\/\/www.caveda31.com\/blog\/wp-content\/uploads\/2019\/02\/7927911438_15-300x201.jpg 300w, https:\/\/www.caveda31.com\/blog\/wp-content\/uploads\/2019\/02\/7927911438_15-768x513.jpg 768w, https:\/\/www.caveda31.com\/blog\/wp-content\/uploads\/2019\/02\/7927911438_15.jpg 1200w\" sizes=\"auto, (max-width: 1024px) 100vw, 1024px\" \/><figcaption>Vista del Sal\u00f3n<\/figcaption><\/figure><\/div>\n\n\n\n<p>Este sal\u00f3n est\u00e1 comunicado con la cocina, la cu\u00e1l es muy pr\u00e1ctica y luminosa.<\/p>\n\n\n\n<figure class=\"wp-block-image\"><img loading=\"lazy\" decoding=\"async\" width=\"1024\" height=\"684\" src=\"https:\/\/www.caveda31.com\/blog\/wp-content\/uploads\/2019\/02\/7927911438_12-1024x684.jpg\" alt=\"\" class=\"wp-image-197\" srcset=\"https:\/\/www.caveda31.com\/blog\/wp-content\/uploads\/2019\/02\/7927911438_12-1024x684.jpg 1024w, https:\/\/www.caveda31.com\/blog\/wp-content\/uploads\/2019\/02\/7927911438_12-300x201.jpg 300w, https:\/\/www.caveda31.com\/blog\/wp-content\/uploads\/2019\/02\/7927911438_12-768x513.jpg 768w, https:\/\/www.caveda31.com\/blog\/wp-content\/uploads\/2019\/02\/7927911438_12.jpg 1200w\" sizes=\"auto, (max-width: 1024px) 100vw, 1024px\" \/><figcaption>Detalle de la barra americana con la zona de trabajo<\/figcaption><\/figure>\n\n\n\n<figure class=\"wp-block-image\"><img loading=\"lazy\" decoding=\"async\" width=\"1024\" height=\"684\" src=\"https:\/\/www.caveda31.com\/blog\/wp-content\/uploads\/2019\/02\/7927911438_10-1024x684.jpg\" alt=\"\" class=\"wp-image-198\" srcset=\"https:\/\/www.caveda31.com\/blog\/wp-content\/uploads\/2019\/02\/7927911438_10-1024x684.jpg 1024w, https:\/\/www.caveda31.com\/blog\/wp-content\/uploads\/2019\/02\/7927911438_10-300x201.jpg 300w, https:\/\/www.caveda31.com\/blog\/wp-content\/uploads\/2019\/02\/7927911438_10-768x513.jpg 768w, https:\/\/www.caveda31.com\/blog\/wp-content\/uploads\/2019\/02\/7927911438_10.jpg 1200w\" sizes=\"auto, (max-width: 1024px) 100vw, 1024px\" \/><figcaption> <br>Torre de horno y microondas y hueco para la nevera. <\/figcaption><\/figure>\n\n\n\n<p><\/p>\n\n\n\n<p>Os dejamos una galer\u00eda de im\u00e1genes del piso, con todo lujo de detalles.<\/p>\n\n\n\n<ul class=\"wp-block-gallery columns-3 is-cropped wp-block-gallery-1 is-layout-flex wp-block-gallery-is-layout-flex\"><li class=\"blocks-gallery-item\"><figure><img loading=\"lazy\" decoding=\"async\" width=\"1024\" height=\"684\" src=\"https:\/\/www.caveda31.com\/blog\/wp-content\/uploads\/2019\/02\/7927911438_1-1024x684.jpg\" alt=\"\" data-id=\"199\" data-link=\"https:\/\/www.caveda31.com\/blog\/2017\/11\/16\/novedad-piso-recien-reformado-en-el-centro-de-oviedo\/7927911438_1\/\" class=\"wp-image-199\" srcset=\"https:\/\/www.caveda31.com\/blog\/wp-content\/uploads\/2019\/02\/7927911438_1-1024x684.jpg 1024w, https:\/\/www.caveda31.com\/blog\/wp-content\/uploads\/2019\/02\/7927911438_1-300x201.jpg 300w, https:\/\/www.caveda31.com\/blog\/wp-content\/uploads\/2019\/02\/7927911438_1-768x513.jpg 768w, https:\/\/www.caveda31.com\/blog\/wp-content\/uploads\/2019\/02\/7927911438_1.jpg 1200w\" sizes=\"auto, (max-width: 1024px) 100vw, 1024px\" \/><\/figure><\/li><li class=\"blocks-gallery-item\"><figure><img loading=\"lazy\" decoding=\"async\" width=\"1024\" height=\"684\" src=\"https:\/\/www.caveda31.com\/blog\/wp-content\/uploads\/2019\/02\/7927911438_2-1024x684.jpg\" alt=\"\" data-id=\"200\" data-link=\"https:\/\/www.caveda31.com\/blog\/2017\/11\/16\/novedad-piso-recien-reformado-en-el-centro-de-oviedo\/7927911438_2\/\" class=\"wp-image-200\" srcset=\"https:\/\/www.caveda31.com\/blog\/wp-content\/uploads\/2019\/02\/7927911438_2-1024x684.jpg 1024w, https:\/\/www.caveda31.com\/blog\/wp-content\/uploads\/2019\/02\/7927911438_2-300x201.jpg 300w, https:\/\/www.caveda31.com\/blog\/wp-content\/uploads\/2019\/02\/7927911438_2-768x513.jpg 768w, https:\/\/www.caveda31.com\/blog\/wp-content\/uploads\/2019\/02\/7927911438_2.jpg 1200w\" sizes=\"auto, (max-width: 1024px) 100vw, 1024px\" \/><\/figure><\/li><li class=\"blocks-gallery-item\"><figure><img loading=\"lazy\" decoding=\"async\" width=\"1024\" height=\"684\" src=\"https:\/\/www.caveda31.com\/blog\/wp-content\/uploads\/2019\/02\/7927911438_5-1024x684.jpg\" alt=\"\" data-id=\"201\" data-link=\"https:\/\/www.caveda31.com\/blog\/2017\/11\/16\/novedad-piso-recien-reformado-en-el-centro-de-oviedo\/7927911438_5\/\" class=\"wp-image-201\" srcset=\"https:\/\/www.caveda31.com\/blog\/wp-content\/uploads\/2019\/02\/7927911438_5-1024x684.jpg 1024w, https:\/\/www.caveda31.com\/blog\/wp-content\/uploads\/2019\/02\/7927911438_5-300x201.jpg 300w, https:\/\/www.caveda31.com\/blog\/wp-content\/uploads\/2019\/02\/7927911438_5-768x513.jpg 768w, https:\/\/www.caveda31.com\/blog\/wp-content\/uploads\/2019\/02\/7927911438_5.jpg 1200w\" sizes=\"auto, (max-width: 1024px) 100vw, 1024px\" \/><\/figure><\/li><li class=\"blocks-gallery-item\"><figure><img loading=\"lazy\" decoding=\"async\" width=\"1024\" height=\"684\" src=\"https:\/\/www.caveda31.com\/blog\/wp-content\/uploads\/2019\/02\/7927911438_6-1024x684.jpg\" alt=\"\" data-id=\"202\" data-link=\"https:\/\/www.caveda31.com\/blog\/2017\/11\/16\/novedad-piso-recien-reformado-en-el-centro-de-oviedo\/7927911438_6\/\" class=\"wp-image-202\" srcset=\"https:\/\/www.caveda31.com\/blog\/wp-content\/uploads\/2019\/02\/7927911438_6-1024x684.jpg 1024w, https:\/\/www.caveda31.com\/blog\/wp-content\/uploads\/2019\/02\/7927911438_6-300x201.jpg 300w, https:\/\/www.caveda31.com\/blog\/wp-content\/uploads\/2019\/02\/7927911438_6-768x513.jpg 768w, https:\/\/www.caveda31.com\/blog\/wp-content\/uploads\/2019\/02\/7927911438_6.jpg 1200w\" sizes=\"auto, (max-width: 1024px) 100vw, 1024px\" \/><\/figure><\/li><li class=\"blocks-gallery-item\"><figure><img loading=\"lazy\" decoding=\"async\" width=\"1024\" height=\"684\" src=\"https:\/\/www.caveda31.com\/blog\/wp-content\/uploads\/2019\/02\/7927911438_8-1024x684.jpg\" alt=\"\" data-id=\"203\" data-link=\"https:\/\/www.caveda31.com\/blog\/2017\/11\/16\/novedad-piso-recien-reformado-en-el-centro-de-oviedo\/7927911438_8\/\" class=\"wp-image-203\" srcset=\"https:\/\/www.caveda31.com\/blog\/wp-content\/uploads\/2019\/02\/7927911438_8-1024x684.jpg 1024w, https:\/\/www.caveda31.com\/blog\/wp-content\/uploads\/2019\/02\/7927911438_8-300x201.jpg 300w, https:\/\/www.caveda31.com\/blog\/wp-content\/uploads\/2019\/02\/7927911438_8-768x513.jpg 768w, https:\/\/www.caveda31.com\/blog\/wp-content\/uploads\/2019\/02\/7927911438_8.jpg 1200w\" sizes=\"auto, (max-width: 1024px) 100vw, 1024px\" \/><\/figure><\/li><li class=\"blocks-gallery-item\"><figure><img loading=\"lazy\" decoding=\"async\" width=\"1024\" height=\"685\" src=\"https:\/\/www.caveda31.com\/blog\/wp-content\/uploads\/2019\/02\/7927911438_9-1024x685.jpg\" alt=\"\" data-id=\"204\" data-link=\"https:\/\/www.caveda31.com\/blog\/2017\/11\/16\/novedad-piso-recien-reformado-en-el-centro-de-oviedo\/7927911438_9\/\" class=\"wp-image-204\" srcset=\"https:\/\/www.caveda31.com\/blog\/wp-content\/uploads\/2019\/02\/7927911438_9-1024x685.jpg 1024w, https:\/\/www.caveda31.com\/blog\/wp-content\/uploads\/2019\/02\/7927911438_9-300x201.jpg 300w, https:\/\/www.caveda31.com\/blog\/wp-content\/uploads\/2019\/02\/7927911438_9-768x514.jpg 768w, https:\/\/www.caveda31.com\/blog\/wp-content\/uploads\/2019\/02\/7927911438_9.jpg 1200w\" sizes=\"auto, (max-width: 1024px) 100vw, 1024px\" \/><\/figure><\/li><li class=\"blocks-gallery-item\"><figure><img loading=\"lazy\" decoding=\"async\" width=\"1024\" height=\"684\" src=\"https:\/\/www.caveda31.com\/blog\/wp-content\/uploads\/2019\/02\/7927911438_10-1-1024x684.jpg\" alt=\"\" data-id=\"205\" data-link=\"https:\/\/www.caveda31.com\/blog\/2017\/11\/16\/novedad-piso-recien-reformado-en-el-centro-de-oviedo\/7927911438_10-2\/\" class=\"wp-image-205\" srcset=\"https:\/\/www.caveda31.com\/blog\/wp-content\/uploads\/2019\/02\/7927911438_10-1-1024x684.jpg 1024w, https:\/\/www.caveda31.com\/blog\/wp-content\/uploads\/2019\/02\/7927911438_10-1-300x201.jpg 300w, https:\/\/www.caveda31.com\/blog\/wp-content\/uploads\/2019\/02\/7927911438_10-1-768x513.jpg 768w, https:\/\/www.caveda31.com\/blog\/wp-content\/uploads\/2019\/02\/7927911438_10-1.jpg 1200w\" sizes=\"auto, (max-width: 1024px) 100vw, 1024px\" \/><\/figure><\/li><li class=\"blocks-gallery-item\"><figure><img loading=\"lazy\" decoding=\"async\" width=\"1024\" height=\"684\" src=\"https:\/\/www.caveda31.com\/blog\/wp-content\/uploads\/2019\/02\/7927911438_12-1-1024x684.jpg\" alt=\"\" data-id=\"206\" data-link=\"https:\/\/www.caveda31.com\/blog\/2017\/11\/16\/novedad-piso-recien-reformado-en-el-centro-de-oviedo\/7927911438_12-3\/\" class=\"wp-image-206\" srcset=\"https:\/\/www.caveda31.com\/blog\/wp-content\/uploads\/2019\/02\/7927911438_12-1-1024x684.jpg 1024w, https:\/\/www.caveda31.com\/blog\/wp-content\/uploads\/2019\/02\/7927911438_12-1-300x201.jpg 300w, https:\/\/www.caveda31.com\/blog\/wp-content\/uploads\/2019\/02\/7927911438_12-1-768x513.jpg 768w, https:\/\/www.caveda31.com\/blog\/wp-content\/uploads\/2019\/02\/7927911438_12-1.jpg 1200w\" sizes=\"auto, (max-width: 1024px) 100vw, 1024px\" \/><\/figure><\/li><li class=\"blocks-gallery-item\"><figure><img loading=\"lazy\" decoding=\"async\" width=\"1024\" height=\"684\" src=\"https:\/\/www.caveda31.com\/blog\/wp-content\/uploads\/2019\/02\/7927911438_13-1024x684.jpg\" alt=\"\" data-id=\"207\" data-link=\"https:\/\/www.caveda31.com\/blog\/2017\/11\/16\/novedad-piso-recien-reformado-en-el-centro-de-oviedo\/7927911438_13\/\" class=\"wp-image-207\" srcset=\"https:\/\/www.caveda31.com\/blog\/wp-content\/uploads\/2019\/02\/7927911438_13-1024x684.jpg 1024w, https:\/\/www.caveda31.com\/blog\/wp-content\/uploads\/2019\/02\/7927911438_13-300x201.jpg 300w, https:\/\/www.caveda31.com\/blog\/wp-content\/uploads\/2019\/02\/7927911438_13-768x513.jpg 768w, https:\/\/www.caveda31.com\/blog\/wp-content\/uploads\/2019\/02\/7927911438_13.jpg 1200w\" sizes=\"auto, (max-width: 1024px) 100vw, 1024px\" \/><\/figure><\/li><li class=\"blocks-gallery-item\"><figure><img loading=\"lazy\" decoding=\"async\" width=\"1024\" height=\"684\" src=\"https:\/\/www.caveda31.com\/blog\/wp-content\/uploads\/2019\/02\/7927911438_15-1-1024x684.jpg\" alt=\"\" data-id=\"208\" data-link=\"https:\/\/www.caveda31.com\/blog\/2017\/11\/16\/novedad-piso-recien-reformado-en-el-centro-de-oviedo\/7927911438_15-2\/\" class=\"wp-image-208\" srcset=\"https:\/\/www.caveda31.com\/blog\/wp-content\/uploads\/2019\/02\/7927911438_15-1-1024x684.jpg 1024w, https:\/\/www.caveda31.com\/blog\/wp-content\/uploads\/2019\/02\/7927911438_15-1-300x201.jpg 300w, https:\/\/www.caveda31.com\/blog\/wp-content\/uploads\/2019\/02\/7927911438_15-1-768x513.jpg 768w, https:\/\/www.caveda31.com\/blog\/wp-content\/uploads\/2019\/02\/7927911438_15-1.jpg 1200w\" sizes=\"auto, (max-width: 1024px) 100vw, 1024px\" \/><\/figure><\/li><li class=\"blocks-gallery-item\"><figure><img loading=\"lazy\" decoding=\"async\" width=\"1024\" height=\"684\" src=\"https:\/\/www.caveda31.com\/blog\/wp-content\/uploads\/2019\/02\/7927911438_16-1024x684.jpg\" alt=\"\" data-id=\"209\" data-link=\"https:\/\/www.caveda31.com\/blog\/2017\/11\/16\/novedad-piso-recien-reformado-en-el-centro-de-oviedo\/7927911438_16\/\" class=\"wp-image-209\" srcset=\"https:\/\/www.caveda31.com\/blog\/wp-content\/uploads\/2019\/02\/7927911438_16-1024x684.jpg 1024w, https:\/\/www.caveda31.com\/blog\/wp-content\/uploads\/2019\/02\/7927911438_16-300x201.jpg 300w, https:\/\/www.caveda31.com\/blog\/wp-content\/uploads\/2019\/02\/7927911438_16-768x513.jpg 768w, https:\/\/www.caveda31.com\/blog\/wp-content\/uploads\/2019\/02\/7927911438_16.jpg 1200w\" sizes=\"auto, (max-width: 1024px) 100vw, 1024px\" \/><\/figure><\/li><li class=\"blocks-gallery-item\"><figure><img loading=\"lazy\" decoding=\"async\" width=\"1024\" height=\"684\" src=\"https:\/\/www.caveda31.com\/blog\/wp-content\/uploads\/2019\/02\/7927911438_17-1024x684.jpg\" alt=\"\" data-id=\"210\" data-link=\"https:\/\/www.caveda31.com\/blog\/2017\/11\/16\/novedad-piso-recien-reformado-en-el-centro-de-oviedo\/7927911438_17\/\" class=\"wp-image-210\" srcset=\"https:\/\/www.caveda31.com\/blog\/wp-content\/uploads\/2019\/02\/7927911438_17-1024x684.jpg 1024w, https:\/\/www.caveda31.com\/blog\/wp-content\/uploads\/2019\/02\/7927911438_17-300x201.jpg 300w, https:\/\/www.caveda31.com\/blog\/wp-content\/uploads\/2019\/02\/7927911438_17-768x513.jpg 768w, https:\/\/www.caveda31.com\/blog\/wp-content\/uploads\/2019\/02\/7927911438_17.jpg 1200w\" sizes=\"auto, (max-width: 1024px) 100vw, 1024px\" \/><\/figure><\/li><li class=\"blocks-gallery-item\"><figure><img loading=\"lazy\" decoding=\"async\" width=\"1024\" height=\"684\" src=\"https:\/\/www.caveda31.com\/blog\/wp-content\/uploads\/2019\/02\/7927911438_18-1024x684.jpg\" alt=\"\" data-id=\"211\" data-link=\"https:\/\/www.caveda31.com\/blog\/2017\/11\/16\/novedad-piso-recien-reformado-en-el-centro-de-oviedo\/7927911438_18\/\" class=\"wp-image-211\" srcset=\"https:\/\/www.caveda31.com\/blog\/wp-content\/uploads\/2019\/02\/7927911438_18-1024x684.jpg 1024w, https:\/\/www.caveda31.com\/blog\/wp-content\/uploads\/2019\/02\/7927911438_18-300x201.jpg 300w, https:\/\/www.caveda31.com\/blog\/wp-content\/uploads\/2019\/02\/7927911438_18-768x513.jpg 768w, https:\/\/www.caveda31.com\/blog\/wp-content\/uploads\/2019\/02\/7927911438_18.jpg 1200w\" sizes=\"auto, (max-width: 1024px) 100vw, 1024px\" \/><\/figure><\/li><li class=\"blocks-gallery-item\"><figure><img loading=\"lazy\" decoding=\"async\" width=\"1024\" height=\"684\" src=\"https:\/\/www.caveda31.com\/blog\/wp-content\/uploads\/2019\/02\/7927911438_19-1024x684.jpg\" alt=\"\" data-id=\"212\" data-link=\"https:\/\/www.caveda31.com\/blog\/2017\/11\/16\/novedad-piso-recien-reformado-en-el-centro-de-oviedo\/7927911438_19\/\" class=\"wp-image-212\" srcset=\"https:\/\/www.caveda31.com\/blog\/wp-content\/uploads\/2019\/02\/7927911438_19-1024x684.jpg 1024w, https:\/\/www.caveda31.com\/blog\/wp-content\/uploads\/2019\/02\/7927911438_19-300x201.jpg 300w, https:\/\/www.caveda31.com\/blog\/wp-content\/uploads\/2019\/02\/7927911438_19-768x513.jpg 768w, https:\/\/www.caveda31.com\/blog\/wp-content\/uploads\/2019\/02\/7927911438_19.jpg 1200w\" sizes=\"auto, (max-width: 1024px) 100vw, 1024px\" \/><\/figure><\/li><li class=\"blocks-gallery-item\"><figure><img loading=\"lazy\" decoding=\"async\" width=\"1024\" height=\"684\" src=\"https:\/\/www.caveda31.com\/blog\/wp-content\/uploads\/2019\/02\/7927911438_20-1024x684.jpg\" alt=\"\" data-id=\"213\" data-link=\"https:\/\/www.caveda31.com\/blog\/2017\/11\/16\/novedad-piso-recien-reformado-en-el-centro-de-oviedo\/7927911438_20\/\" class=\"wp-image-213\" srcset=\"https:\/\/www.caveda31.com\/blog\/wp-content\/uploads\/2019\/02\/7927911438_20-1024x684.jpg 1024w, https:\/\/www.caveda31.com\/blog\/wp-content\/uploads\/2019\/02\/7927911438_20-300x201.jpg 300w, https:\/\/www.caveda31.com\/blog\/wp-content\/uploads\/2019\/02\/7927911438_20-768x513.jpg 768w, https:\/\/www.caveda31.com\/blog\/wp-content\/uploads\/2019\/02\/7927911438_20.jpg 1200w\" sizes=\"auto, (max-width: 1024px) 100vw, 1024px\" \/><\/figure><\/li><li class=\"blocks-gallery-item\"><figure><img loading=\"lazy\" decoding=\"async\" width=\"1024\" height=\"684\" src=\"https:\/\/www.caveda31.com\/blog\/wp-content\/uploads\/2019\/02\/7927911438_21-1024x684.jpg\" alt=\"\" data-id=\"214\" data-link=\"https:\/\/www.caveda31.com\/blog\/2017\/11\/16\/novedad-piso-recien-reformado-en-el-centro-de-oviedo\/7927911438_21\/\" class=\"wp-image-214\" srcset=\"https:\/\/www.caveda31.com\/blog\/wp-content\/uploads\/2019\/02\/7927911438_21-1024x684.jpg 1024w, https:\/\/www.caveda31.com\/blog\/wp-content\/uploads\/2019\/02\/7927911438_21-300x201.jpg 300w, https:\/\/www.caveda31.com\/blog\/wp-content\/uploads\/2019\/02\/7927911438_21-768x513.jpg 768w, https:\/\/www.caveda31.com\/blog\/wp-content\/uploads\/2019\/02\/7927911438_21.jpg 1200w\" sizes=\"auto, (max-width: 1024px) 100vw, 1024px\" \/><\/figure><\/li><li class=\"blocks-gallery-item\"><figure><img loading=\"lazy\" decoding=\"async\" width=\"1024\" height=\"684\" src=\"https:\/\/www.caveda31.com\/blog\/wp-content\/uploads\/2019\/02\/7927911438_22-1024x684.jpg\" alt=\"\" data-id=\"215\" data-link=\"https:\/\/www.caveda31.com\/blog\/2017\/11\/16\/novedad-piso-recien-reformado-en-el-centro-de-oviedo\/7927911438_22\/\" class=\"wp-image-215\" srcset=\"https:\/\/www.caveda31.com\/blog\/wp-content\/uploads\/2019\/02\/7927911438_22-1024x684.jpg 1024w, https:\/\/www.caveda31.com\/blog\/wp-content\/uploads\/2019\/02\/7927911438_22-300x201.jpg 300w, https:\/\/www.caveda31.com\/blog\/wp-content\/uploads\/2019\/02\/7927911438_22-768x513.jpg 768w, https:\/\/www.caveda31.com\/blog\/wp-content\/uploads\/2019\/02\/7927911438_22.jpg 1200w\" sizes=\"auto, (max-width: 1024px) 100vw, 1024px\" \/><\/figure><\/li><\/ul>\n\n\n\n<p>Como siempre no dud\u00e9is en consultarnos a cerca de \u00e9ste u otro de nuestros inmuebles.<\/p>\n","protected":false},"excerpt":{"rendered":"<p>Cuando hablamos de vivir en el centro, la mayor\u00eda de las opciones de las que disponemos son viviendas muy antiguas ya que escasean los edificios de nueva construcci\u00f3n y en muchos casos los precios se disparan. En su mayor\u00eda hablamos&#8230;<\/p>\n","protected":false},"author":2,"featured_media":195,"comment_status":"closed","ping_status":"closed","sticky":false,"template":"","format":"standard","meta":{"footnotes":""},"categories":[13,4,15],"tags":[23,30,20,25,27,29],"class_list":["post-47","post","type-post","status-publish","format-standard","has-post-thumbnail","hentry","category-oportunidades","category-venta","category-vivir-en-oviedo","tag-caveda-31","tag-centro","tag-comprar-piso","tag-oviedo","tag-pisos-en-oviedo","tag-venta-de-pisos"],"_links":{"self":[{"href":"https:\/\/www.caveda31.com\/blog\/wp-json\/wp\/v2\/posts\/47","targetHints":{"allow":["GET"]}}],"collection":[{"href":"https:\/\/www.caveda31.com\/blog\/wp-json\/wp\/v2\/posts"}],"about":[{"href":"https:\/\/www.caveda31.com\/blog\/wp-json\/wp\/v2\/types\/post"}],"author":[{"embeddable":true,"href":"https:\/\/www.caveda31.com\/blog\/wp-json\/wp\/v2\/users\/2"}],"replies":[{"embeddable":true,"href":"https:\/\/www.caveda31.com\/blog\/wp-json\/wp\/v2\/comments?post=47"}],"version-history":[{"count":2,"href":"https:\/\/www.caveda31.com\/blog\/wp-json\/wp\/v2\/posts\/47\/revisions"}],"predecessor-version":[{"id":216,"href":"https:\/\/www.caveda31.com\/blog\/wp-json\/wp\/v2\/posts\/47\/revisions\/216"}],"wp:featuredmedia":[{"embeddable":true,"href":"https:\/\/www.caveda31.com\/blog\/wp-json\/wp\/v2\/media\/195"}],"wp:attachment":[{"href":"https:\/\/www.caveda31.com\/blog\/wp-json\/wp\/v2\/media?parent=47"}],"wp:term":[{"taxonomy":"category","embeddable":true,"href":"https:\/\/www.caveda31.com\/blog\/wp-json\/wp\/v2\/categories?post=47"},{"taxonomy":"post_tag","embeddable":true,"href":"https:\/\/www.caveda31.com\/blog\/wp-json\/wp\/v2\/tags?post=47"}],"curies":[{"name":"wp","href":"https:\/\/api.w.org\/{rel}","templated":true}]}}