{"id":331,"date":"2022-08-02T10:28:37","date_gmt":"2022-08-02T10:28:37","guid":{"rendered":"https:\/\/www.caveda31.com\/blog\/?p=331"},"modified":"2022-08-02T10:30:51","modified_gmt":"2022-08-02T10:30:51","slug":"piso-de-tres-dormitorios-en-vazquez-de-mella","status":"publish","type":"post","link":"https:\/\/www.caveda31.com\/blog\/2022\/08\/02\/piso-de-tres-dormitorios-en-vazquez-de-mella\/","title":{"rendered":"Piso de tres dormitorios en V\u00e1zquez de Mella"},"content":{"rendered":"\n<p>Hoy queremos ense\u00f1aros una de las \u00faltimos inmuebles que han entrado en nuestra cartera: un piso de tres dormitorios en la calle V\u00e1zquez de Mella, casi entrando en La Florida. La ubicaci\u00f3n es fant\u00e1stica porque est\u00e1 a tan s\u00f3lo dos minutos de la losa y a un paso de la estaci\u00f3n de tren y de la calle Ur\u00eda. La zona est\u00e1 totalmente consolidada con comercios, colegios, centro de salud, farmacias&#8230;<\/p>\n\n\n\n<p><\/p>\n\n\n\n<figure class=\"wp-block-image size-large\"><img loading=\"lazy\" decoding=\"async\" width=\"1024\" height=\"683\" src=\"https:\/\/www.caveda31.com\/blog\/wp-content\/uploads\/2022\/08\/DSC_0077-1024x683.jpg\" alt=\"\" class=\"wp-image-335\" srcset=\"https:\/\/www.caveda31.com\/blog\/wp-content\/uploads\/2022\/08\/DSC_0077-1024x683.jpg 1024w, https:\/\/www.caveda31.com\/blog\/wp-content\/uploads\/2022\/08\/DSC_0077-300x200.jpg 300w, https:\/\/www.caveda31.com\/blog\/wp-content\/uploads\/2022\/08\/DSC_0077-768x512.jpg 768w, https:\/\/www.caveda31.com\/blog\/wp-content\/uploads\/2022\/08\/DSC_0077-1536x1024.jpg 1536w, https:\/\/www.caveda31.com\/blog\/wp-content\/uploads\/2022\/08\/DSC_0077-2048x1365.jpg 2048w\" sizes=\"auto, (max-width: 1024px) 100vw, 1024px\" \/><\/figure>\n\n\n\n<p>El piso adem\u00e1s tiene altura, una tercera planta, y una buena orientaci\u00f3n, Sur &#8211; Este. Se distribuye en entrada, tres dormitorios, dos de los cuales son exteriores, sal\u00f3n, cocina independiente con tendedero, un ba\u00f1o completo y un aseo de cortes\u00eda.<\/p>\n\n\n\n<p><\/p>\n\n\n\n<figure class=\"wp-block-gallery has-nested-images columns-default is-cropped wp-block-gallery-1 is-layout-flex wp-block-gallery-is-layout-flex\">\n<figure class=\"wp-block-image size-large\"><img loading=\"lazy\" decoding=\"async\" width=\"2560\" height=\"1707\" data-id=\"334\" src=\"https:\/\/www.caveda31.com\/blog\/wp-content\/uploads\/2022\/08\/DSC_0055-scaled.jpg\" alt=\"\" class=\"wp-image-334\" srcset=\"https:\/\/www.caveda31.com\/blog\/wp-content\/uploads\/2022\/08\/DSC_0055-scaled.jpg 2560w, https:\/\/www.caveda31.com\/blog\/wp-content\/uploads\/2022\/08\/DSC_0055-300x200.jpg 300w, https:\/\/www.caveda31.com\/blog\/wp-content\/uploads\/2022\/08\/DSC_0055-1024x683.jpg 1024w, https:\/\/www.caveda31.com\/blog\/wp-content\/uploads\/2022\/08\/DSC_0055-768x512.jpg 768w, https:\/\/www.caveda31.com\/blog\/wp-content\/uploads\/2022\/08\/DSC_0055-1536x1024.jpg 1536w, https:\/\/www.caveda31.com\/blog\/wp-content\/uploads\/2022\/08\/DSC_0055-2048x1366.jpg 2048w\" sizes=\"auto, (max-width: 2560px) 100vw, 2560px\" \/><\/figure>\n\n\n\n<figure class=\"wp-block-image size-large\"><img loading=\"lazy\" decoding=\"async\" width=\"2560\" height=\"1707\" data-id=\"332\" src=\"https:\/\/www.caveda31.com\/blog\/wp-content\/uploads\/2022\/08\/DSC_0051-scaled.jpg\" alt=\"\" class=\"wp-image-332\" srcset=\"https:\/\/www.caveda31.com\/blog\/wp-content\/uploads\/2022\/08\/DSC_0051-scaled.jpg 2560w, https:\/\/www.caveda31.com\/blog\/wp-content\/uploads\/2022\/08\/DSC_0051-300x200.jpg 300w, https:\/\/www.caveda31.com\/blog\/wp-content\/uploads\/2022\/08\/DSC_0051-1024x683.jpg 1024w, https:\/\/www.caveda31.com\/blog\/wp-content\/uploads\/2022\/08\/DSC_0051-768x512.jpg 768w, https:\/\/www.caveda31.com\/blog\/wp-content\/uploads\/2022\/08\/DSC_0051-1536x1024.jpg 1536w, https:\/\/www.caveda31.com\/blog\/wp-content\/uploads\/2022\/08\/DSC_0051-2048x1365.jpg 2048w\" sizes=\"auto, (max-width: 2560px) 100vw, 2560px\" \/><\/figure>\n<\/figure>\n\n\n\n<p><\/p>\n\n\n\n<p>El precio del inmueble es de 120.000,00 \u20ac + gastos, con un trastero y una plaza de garaje incluidos y situados ambos en el s\u00f3tano del edificio. <\/p>\n\n\n\n<p>Si quer\u00e9is acceder a la galer\u00eda completa de fotos y la ficha del piso pod\u00e9is pinchar el siguiente enlace: <a href=\"https:\/\/www.caveda31.com\/recursos\/nficham06.php?cod_inmueble=721743\">PISO V\u00c1ZQUEZ DE MELLA.<\/a> \u00a1Vis\u00edtalo sin compromiso!<\/p>\n\n\n\n<p>Desde CAVEDA seguimos trabajando en ofreceros los mejores inmuebles del mercado.<\/p>\n\n\n\n<p>Esperamos que os gusten.<\/p>\n","protected":false},"excerpt":{"rendered":"<p>Hoy queremos ense\u00f1aros una de las \u00faltimos inmuebles que han entrado en nuestra cartera: un piso de tres dormitorios en la calle V\u00e1zquez de Mella, casi entrando en La Florida. La ubicaci\u00f3n es fant\u00e1stica porque est\u00e1 a tan s\u00f3lo dos&#8230;<\/p>\n","protected":false},"author":3,"featured_media":333,"comment_status":"open","ping_status":"closed","sticky":false,"template":"","format":"standard","meta":{"footnotes":""},"categories":[4,15],"tags":[23,20,25,27,29],"class_list":["post-331","post","type-post","status-publish","format-standard","has-post-thumbnail","hentry","category-venta","category-vivir-en-oviedo","tag-caveda-31","tag-comprar-piso","tag-oviedo","tag-pisos-en-oviedo","tag-venta-de-pisos"],"_links":{"self":[{"href":"https:\/\/www.caveda31.com\/blog\/wp-json\/wp\/v2\/posts\/331","targetHints":{"allow":["GET"]}}],"collection":[{"href":"https:\/\/www.caveda31.com\/blog\/wp-json\/wp\/v2\/posts"}],"about":[{"href":"https:\/\/www.caveda31.com\/blog\/wp-json\/wp\/v2\/types\/post"}],"author":[{"embeddable":true,"href":"https:\/\/www.caveda31.com\/blog\/wp-json\/wp\/v2\/users\/3"}],"replies":[{"embeddable":true,"href":"https:\/\/www.caveda31.com\/blog\/wp-json\/wp\/v2\/comments?post=331"}],"version-history":[{"count":3,"href":"https:\/\/www.caveda31.com\/blog\/wp-json\/wp\/v2\/posts\/331\/revisions"}],"predecessor-version":[{"id":341,"href":"https:\/\/www.caveda31.com\/blog\/wp-json\/wp\/v2\/posts\/331\/revisions\/341"}],"wp:featuredmedia":[{"embeddable":true,"href":"https:\/\/www.caveda31.com\/blog\/wp-json\/wp\/v2\/media\/333"}],"wp:attachment":[{"href":"https:\/\/www.caveda31.com\/blog\/wp-json\/wp\/v2\/media?parent=331"}],"wp:term":[{"taxonomy":"category","embeddable":true,"href":"https:\/\/www.caveda31.com\/blog\/wp-json\/wp\/v2\/categories?post=331"},{"taxonomy":"post_tag","embeddable":true,"href":"https:\/\/www.caveda31.com\/blog\/wp-json\/wp\/v2\/tags?post=331"}],"curies":[{"name":"wp","href":"https:\/\/api.w.org\/{rel}","templated":true}]}}