{"id":242,"date":"2019-04-08T11:00:42","date_gmt":"2019-04-08T11:00:42","guid":{"rendered":"http:\/\/www.caveda31.com\/blog\/?p=242"},"modified":"2020-02-06T19:51:09","modified_gmt":"2020-02-06T19:51:09","slug":"residencial-terrazas-del-loyola-infografias","status":"publish","type":"post","link":"https:\/\/www.caveda31.com\/blog\/2019\/04\/08\/residencial-terrazas-del-loyola-infografias\/","title":{"rendered":"Residencial \u00abTerrazas del Loyola\u00bb. Infograf\u00edas."},"content":{"rendered":"\n<p>Os recordamos que ya hemos iniciado el proceso de reservas de viviendas en nuestra nueva promoci\u00f3n Terrazas del Loyola. La promoci\u00f3n que <a href=\"http:\/\/fomexdyc.com\/\">FOMEX <\/a>va a desarrollar en Prados de la Fuente (Oviedo).<\/p>\n\n\n\n<p> El ritmo de reservas es alto con un 40% de reservas en el primer mes de comercializaci\u00f3n.  <\/p>\n\n\n\n<p>Desde <a href=\"http:\/\/caveda31.com\/\">Caveda 31<\/a>, hemos encargado estas infograf\u00edas a la empresa <a href=\"http:\/\/www.localcadimagen.com\/\">LOCALCAD,<\/a> con las cuales os pod\u00e9is hacer una idea de como ser\u00e1n vuestras futuras viviendas. <\/p>\n\n\n\n<p>Salones:<\/p>\n\n\n\n<p>En este caso hemos creado dos opciones. Tanto la opci\u00f3n tradicional como la opci\u00f3n del sal\u00f3n cocina con barra americana est\u00e1n contempladas para estas viviendas .con un resultado m\u00e1s que satisfactorio para el aprovechamiento de los espacio en ambas opciones. Esta distribuci\u00f3n es aplicable tanto a la vivienda de 3 como de 4 dormitorios.<\/p>\n\n\n\n<figure class=\"wp-block-gallery columns-2 is-cropped wp-block-gallery-1 is-layout-flex wp-block-gallery-is-layout-flex\"><ul class=\"blocks-gallery-grid\"><li class=\"blocks-gallery-item\"><figure><img loading=\"lazy\" decoding=\"async\" width=\"1024\" height=\"492\" src=\"https:\/\/www.caveda31.com\/blog\/wp-content\/uploads\/2019\/04\/salon1-1-1024x492.jpg\" alt=\"\" data-id=\"252\" data-link=\"https:\/\/www.caveda31.com\/blog\/?attachment_id=252\" class=\"wp-image-252\" srcset=\"https:\/\/www.caveda31.com\/blog\/wp-content\/uploads\/2019\/04\/salon1-1-1024x492.jpg 1024w, https:\/\/www.caveda31.com\/blog\/wp-content\/uploads\/2019\/04\/salon1-1-300x144.jpg 300w, https:\/\/www.caveda31.com\/blog\/wp-content\/uploads\/2019\/04\/salon1-1-768x369.jpg 768w\" sizes=\"auto, (max-width: 1024px) 100vw, 1024px\" \/><\/figure><\/li><li class=\"blocks-gallery-item\"><figure><img loading=\"lazy\" decoding=\"async\" width=\"1024\" height=\"487\" src=\"https:\/\/www.caveda31.com\/blog\/wp-content\/uploads\/2019\/04\/SALONCOCINA1_reto_00000-1-1024x487.jpg\" alt=\"\" data-id=\"253\" data-link=\"https:\/\/www.caveda31.com\/blog\/?attachment_id=253\" class=\"wp-image-253\" srcset=\"https:\/\/www.caveda31.com\/blog\/wp-content\/uploads\/2019\/04\/SALONCOCINA1_reto_00000-1-1024x487.jpg 1024w, https:\/\/www.caveda31.com\/blog\/wp-content\/uploads\/2019\/04\/SALONCOCINA1_reto_00000-1-300x143.jpg 300w, https:\/\/www.caveda31.com\/blog\/wp-content\/uploads\/2019\/04\/SALONCOCINA1_reto_00000-1-768x365.jpg 768w\" sizes=\"auto, (max-width: 1024px) 100vw, 1024px\" \/><\/figure><\/li><\/ul><\/figure>\n\n\n\n<figure class=\"wp-block-gallery columns-2 is-cropped wp-block-gallery-2 is-layout-flex wp-block-gallery-is-layout-flex\"><ul class=\"blocks-gallery-grid\"><li class=\"blocks-gallery-item\"><figure><img loading=\"lazy\" decoding=\"async\" width=\"1024\" height=\"751\" src=\"https:\/\/www.caveda31.com\/blog\/wp-content\/uploads\/2019\/04\/salon2-1024x751.jpg\" alt=\"\" data-id=\"249\" data-link=\"https:\/\/www.caveda31.com\/blog\/?attachment_id=249\" class=\"wp-image-249\" srcset=\"https:\/\/www.caveda31.com\/blog\/wp-content\/uploads\/2019\/04\/salon2-1024x751.jpg 1024w, https:\/\/www.caveda31.com\/blog\/wp-content\/uploads\/2019\/04\/salon2-300x220.jpg 300w, https:\/\/www.caveda31.com\/blog\/wp-content\/uploads\/2019\/04\/salon2-768x563.jpg 768w\" sizes=\"auto, (max-width: 1024px) 100vw, 1024px\" \/><\/figure><\/li><li class=\"blocks-gallery-item\"><figure><img loading=\"lazy\" decoding=\"async\" width=\"1024\" height=\"696\" src=\"https:\/\/www.caveda31.com\/blog\/wp-content\/uploads\/2019\/04\/SALONCOCINA2-1024x696.jpg\" alt=\"\" data-id=\"255\" data-link=\"https:\/\/www.caveda31.com\/blog\/?attachment_id=255\" class=\"wp-image-255\" srcset=\"https:\/\/www.caveda31.com\/blog\/wp-content\/uploads\/2019\/04\/SALONCOCINA2-1024x696.jpg 1024w, https:\/\/www.caveda31.com\/blog\/wp-content\/uploads\/2019\/04\/SALONCOCINA2-300x204.jpg 300w, https:\/\/www.caveda31.com\/blog\/wp-content\/uploads\/2019\/04\/SALONCOCINA2-768x522.jpg 768w\" sizes=\"auto, (max-width: 1024px) 100vw, 1024px\" \/><\/figure><\/li><\/ul><\/figure>\n\n\n\n<p>Cocinas:<\/p>\n\n\n\n<p>Las infograf\u00edas en este caso son para las cocinas independientes en los pisos de 3 y 4 dormitorios. Podemos ver m\u00e1s de cerca el amueblamiento, con muebles altos y bajos, torre de horno y microondas, encimera de silestone&#8230; Marcamos una serie neutra sobre la cu\u00e1l el cliente tendr\u00e1 variedad de acabados para escoger y personalizar a su gusto.<\/p>\n\n\n\n<figure class=\"wp-block-gallery columns-2 is-cropped wp-block-gallery-3 is-layout-flex wp-block-gallery-is-layout-flex\"><ul class=\"blocks-gallery-grid\"><li class=\"blocks-gallery-item\"><figure><img loading=\"lazy\" decoding=\"async\" width=\"1024\" height=\"891\" src=\"https:\/\/www.caveda31.com\/blog\/wp-content\/uploads\/2019\/04\/COCINA1-1024x891.jpg\" alt=\"\" data-id=\"254\" class=\"wp-image-254\" srcset=\"https:\/\/www.caveda31.com\/blog\/wp-content\/uploads\/2019\/04\/COCINA1-1024x891.jpg 1024w, https:\/\/www.caveda31.com\/blog\/wp-content\/uploads\/2019\/04\/COCINA1-300x261.jpg 300w, https:\/\/www.caveda31.com\/blog\/wp-content\/uploads\/2019\/04\/COCINA1-768x668.jpg 768w\" sizes=\"auto, (max-width: 1024px) 100vw, 1024px\" \/><\/figure><\/li><li class=\"blocks-gallery-item\"><figure><img loading=\"lazy\" decoding=\"async\" width=\"964\" height=\"1024\" src=\"https:\/\/www.caveda31.com\/blog\/wp-content\/uploads\/2019\/04\/COCINA2-964x1024.jpg\" alt=\"\" data-id=\"257\" data-link=\"https:\/\/www.caveda31.com\/blog\/?attachment_id=257\" class=\"wp-image-257\" srcset=\"https:\/\/www.caveda31.com\/blog\/wp-content\/uploads\/2019\/04\/COCINA2-964x1024.jpg 964w, https:\/\/www.caveda31.com\/blog\/wp-content\/uploads\/2019\/04\/COCINA2-282x300.jpg 282w, https:\/\/www.caveda31.com\/blog\/wp-content\/uploads\/2019\/04\/COCINA2-768x816.jpg 768w\" sizes=\"auto, (max-width: 964px) 100vw, 964px\" \/><\/figure><\/li><\/ul><\/figure>\n\n\n\n<p>Terrazas:<\/p>\n\n\n\n<p>Lo m\u00e1s llamativo de edificio son sus terrazas orientadas al SUR. En esta infograf\u00eda pod\u00e9is ver un buen ejemplo de amueblamiento de la terraza y la zona de tendedero oculta. Las terrazas en general tienen unas superficies m\u00ednimas de 13 metros + tendedero de 3 metros.  Adem\u00e1s el acceso directo a la misma por el sal\u00f3n, cocina y el dormitorio principal.<\/p>\n\n\n\n<div class=\"wp-block-image\"><figure class=\"aligncenter\"><img loading=\"lazy\" decoding=\"async\" width=\"1024\" height=\"466\" src=\"https:\/\/www.caveda31.com\/blog\/wp-content\/uploads\/2019\/04\/TERRAZA-1024x466.jpg\" alt=\"\" class=\"wp-image-258\" srcset=\"https:\/\/www.caveda31.com\/blog\/wp-content\/uploads\/2019\/04\/TERRAZA-1024x466.jpg 1024w, https:\/\/www.caveda31.com\/blog\/wp-content\/uploads\/2019\/04\/TERRAZA-300x137.jpg 300w, https:\/\/www.caveda31.com\/blog\/wp-content\/uploads\/2019\/04\/TERRAZA-768x350.jpg 768w\" sizes=\"auto, (max-width: 1024px) 100vw, 1024px\" \/><\/figure><\/div>\n\n\n\n<p>Ba\u00f1os:<\/p>\n\n\n\n<p>A\u00fan est\u00e1n por definir los acabados definitivos de los ba\u00f1os, en cuanto al estilo de las cer\u00e1micas. En las infograf\u00edas mostramos el ba\u00f1o principal de las vivienda de 4 dormitorios, que destacan por tener ventana. <\/p>\n\n\n\n<figure class=\"wp-block-gallery columns-2 is-cropped wp-block-gallery-4 is-layout-flex wp-block-gallery-is-layout-flex\"><ul class=\"blocks-gallery-grid\"><li class=\"blocks-gallery-item\"><figure><img loading=\"lazy\" decoding=\"async\" width=\"1024\" height=\"1024\" src=\"https:\/\/www.caveda31.com\/blog\/wp-content\/uploads\/2019\/04\/ba\u00f1o2-1024x1024.jpg\" alt=\"\" data-id=\"259\" data-link=\"https:\/\/www.caveda31.com\/blog\/?attachment_id=259\" class=\"wp-image-259\" srcset=\"https:\/\/www.caveda31.com\/blog\/wp-content\/uploads\/2019\/04\/ba\u00f1o2-1024x1024.jpg 1024w, https:\/\/www.caveda31.com\/blog\/wp-content\/uploads\/2019\/04\/ba\u00f1o2-150x150.jpg 150w, https:\/\/www.caveda31.com\/blog\/wp-content\/uploads\/2019\/04\/ba\u00f1o2-300x300.jpg 300w, https:\/\/www.caveda31.com\/blog\/wp-content\/uploads\/2019\/04\/ba\u00f1o2-768x768.jpg 768w\" sizes=\"auto, (max-width: 1024px) 100vw, 1024px\" \/><\/figure><\/li><li class=\"blocks-gallery-item\"><figure><img loading=\"lazy\" decoding=\"async\" width=\"1024\" height=\"1024\" src=\"https:\/\/www.caveda31.com\/blog\/wp-content\/uploads\/2019\/04\/BA\u00d1O2--1024x1024.jpg\" alt=\"\" data-id=\"260\" data-link=\"https:\/\/www.caveda31.com\/blog\/?attachment_id=260\" class=\"wp-image-260\" srcset=\"https:\/\/www.caveda31.com\/blog\/wp-content\/uploads\/2019\/04\/BA\u00d1O2--1024x1024.jpg 1024w, https:\/\/www.caveda31.com\/blog\/wp-content\/uploads\/2019\/04\/BA\u00d1O2--150x150.jpg 150w, https:\/\/www.caveda31.com\/blog\/wp-content\/uploads\/2019\/04\/BA\u00d1O2--300x300.jpg 300w, https:\/\/www.caveda31.com\/blog\/wp-content\/uploads\/2019\/04\/BA\u00d1O2--768x768.jpg 768w, https:\/\/www.caveda31.com\/blog\/wp-content\/uploads\/2019\/04\/BA\u00d1O2-.jpg 1500w\" sizes=\"auto, (max-width: 1024px) 100vw, 1024px\" \/><\/figure><\/li><\/ul><\/figure>\n\n\n\n<p>Esperemos que os guste tanto como vosotros y os ayude.<\/p>\n\n\n\n<p>La informaci\u00f3n completa con los planos de las viviendas, precios y dem\u00e1s como siempre esta en nuestra p\u00e1gina. ww.caveda31.com<\/p>\n\n\n\n<p><\/p>\n\n\n\n<p><\/p>\n","protected":false},"excerpt":{"rendered":"<p>Os recordamos que ya hemos iniciado el proceso de reservas de viviendas en nuestra nueva promoci\u00f3n Terrazas del Loyola. La promoci\u00f3n que FOMEX va a desarrollar en Prados de la Fuente (Oviedo). El ritmo de reservas es alto con un&#8230;<\/p>\n","protected":false},"author":2,"featured_media":237,"comment_status":"open","ping_status":"closed","sticky":false,"template":"","format":"standard","meta":{"footnotes":""},"categories":[10,12,6,1,42,4,15],"tags":[],"class_list":["post-242","post","type-post","status-publish","format-standard","has-post-thumbnail","hentry","category-noticias-caveda-31","category-obra-nueva","category-promociones","category-sin-categoria","category-terrazas-del-loyla","category-venta","category-vivir-en-oviedo"],"_links":{"self":[{"href":"https:\/\/www.caveda31.com\/blog\/wp-json\/wp\/v2\/posts\/242","targetHints":{"allow":["GET"]}}],"collection":[{"href":"https:\/\/www.caveda31.com\/blog\/wp-json\/wp\/v2\/posts"}],"about":[{"href":"https:\/\/www.caveda31.com\/blog\/wp-json\/wp\/v2\/types\/post"}],"author":[{"embeddable":true,"href":"https:\/\/www.caveda31.com\/blog\/wp-json\/wp\/v2\/users\/2"}],"replies":[{"embeddable":true,"href":"https:\/\/www.caveda31.com\/blog\/wp-json\/wp\/v2\/comments?post=242"}],"version-history":[{"count":5,"href":"https:\/\/www.caveda31.com\/blog\/wp-json\/wp\/v2\/posts\/242\/revisions"}],"predecessor-version":[{"id":287,"href":"https:\/\/www.caveda31.com\/blog\/wp-json\/wp\/v2\/posts\/242\/revisions\/287"}],"wp:featuredmedia":[{"embeddable":true,"href":"https:\/\/www.caveda31.com\/blog\/wp-json\/wp\/v2\/media\/237"}],"wp:attachment":[{"href":"https:\/\/www.caveda31.com\/blog\/wp-json\/wp\/v2\/media?parent=242"}],"wp:term":[{"taxonomy":"category","embeddable":true,"href":"https:\/\/www.caveda31.com\/blog\/wp-json\/wp\/v2\/categories?post=242"},{"taxonomy":"post_tag","embeddable":true,"href":"https:\/\/www.caveda31.com\/blog\/wp-json\/wp\/v2\/tags?post=242"}],"curies":[{"name":"wp","href":"https:\/\/api.w.org\/{rel}","templated":true}]}}