{"id":120,"date":"2019-02-26T10:23:17","date_gmt":"2019-02-26T10:23:17","guid":{"rendered":"http:\/\/www.caveda31.com\/blog\/?p=120"},"modified":"2019-02-26T18:34:46","modified_gmt":"2019-02-26T18:34:46","slug":"residencial-montenuno-mas-del-70-de-viviendas-ya-tienen-inquilino","status":"publish","type":"post","link":"https:\/\/www.caveda31.com\/blog\/2019\/02\/26\/residencial-montenuno-mas-del-70-de-viviendas-ya-tienen-inquilino\/","title":{"rendered":"Residencial Montenu\u00f1o &#8211; M\u00e1s del 70% de viviendas ya tienen inquilino."},"content":{"rendered":"\n<p>En el mes de mayo, Solvia, la inmobiliaria del Banco Sabadell, premi\u00f3 nuestro trabajo como comercializadores de sus inmuebles, encarg\u00e1ndonos  la gesti\u00f3n de los alquileres de una de las torres de Residencial Montenu\u00f1o, la cu\u00e1l se hab\u00edan adjudicado de la promotora Coprosa.<\/p>\n\n\n\n<p>La misi\u00f3n no era f\u00e1cil, un total de 70 viviendas, pr\u00e1cticamente todas de 2 dormitorios y un edificio que durante a\u00f1os hab\u00eda estado parado y que cost\u00f3 bastante poner en marcha. <\/p>\n\n\n\n<p>Ahora mismo podemos decir que ya hemos superado el 70% de viviendas alquiladas en la promoci\u00f3n. Todo un \u00e9xito y esperamos en los pr\u00f3ximos meses llegar al 100%.<\/p>\n\n\n\n<p>Si eres uno de los inquilinos aprovechamos para agradecemos haber confiado en nosotros para disfrutar de tu vivienda en Residencial Montenu\u00f1o.<\/p>\n\n\n\n<p>Si est\u00e1s pensando en alquilar vivienda en Oviedo, no dejes de visitarlas, te sorprender\u00e1 la calidad de las mismas.<\/p>\n\n\n\n<figure class=\"wp-block-image\"><img loading=\"lazy\" decoding=\"async\" width=\"1024\" height=\"683\" src=\"https:\/\/www.caveda31.com\/blog\/wp-content\/uploads\/2019\/02\/DSF2180-1024x683.jpg\" alt=\"\" class=\"wp-image-122\" srcset=\"https:\/\/www.caveda31.com\/blog\/wp-content\/uploads\/2019\/02\/DSF2180-1024x683.jpg 1024w, https:\/\/www.caveda31.com\/blog\/wp-content\/uploads\/2019\/02\/DSF2180-300x200.jpg 300w, https:\/\/www.caveda31.com\/blog\/wp-content\/uploads\/2019\/02\/DSF2180-768x512.jpg 768w\" sizes=\"auto, (max-width: 1024px) 100vw, 1024px\" \/><figcaption>Cocina de una de las viviendas de Residencial Montenu\u00f1o<\/figcaption><\/figure>\n","protected":false},"excerpt":{"rendered":"<p>En el mes de mayo, Solvia, la inmobiliaria del Banco Sabadell, premi\u00f3 nuestro trabajo como comercializadores de sus inmuebles, encarg\u00e1ndonos la gesti\u00f3n de los alquileres de una de las torres de Residencial Montenu\u00f1o, la cu\u00e1l se hab\u00edan adjudicado de la&#8230;<\/p>\n","protected":false},"author":2,"featured_media":147,"comment_status":"open","ping_status":"closed","sticky":false,"template":"","format":"standard","meta":{"footnotes":""},"categories":[8,5,10,13,15],"tags":[34,23,21,22,25,27],"class_list":["post-120","post","type-post","status-publish","format-standard","has-post-thumbnail","hentry","category-quiere-comprar-o-alquilar","category-alquiler","category-noticias-caveda-31","category-oportunidades","category-vivir-en-oviedo","tag-alquiler","tag-caveda-31","tag-nuevo-hospital","tag-obra-nueva","tag-oviedo","tag-pisos-en-oviedo"],"_links":{"self":[{"href":"https:\/\/www.caveda31.com\/blog\/wp-json\/wp\/v2\/posts\/120","targetHints":{"allow":["GET"]}}],"collection":[{"href":"https:\/\/www.caveda31.com\/blog\/wp-json\/wp\/v2\/posts"}],"about":[{"href":"https:\/\/www.caveda31.com\/blog\/wp-json\/wp\/v2\/types\/post"}],"author":[{"embeddable":true,"href":"https:\/\/www.caveda31.com\/blog\/wp-json\/wp\/v2\/users\/2"}],"replies":[{"embeddable":true,"href":"https:\/\/www.caveda31.com\/blog\/wp-json\/wp\/v2\/comments?post=120"}],"version-history":[{"count":3,"href":"https:\/\/www.caveda31.com\/blog\/wp-json\/wp\/v2\/posts\/120\/revisions"}],"predecessor-version":[{"id":193,"href":"https:\/\/www.caveda31.com\/blog\/wp-json\/wp\/v2\/posts\/120\/revisions\/193"}],"wp:featuredmedia":[{"embeddable":true,"href":"https:\/\/www.caveda31.com\/blog\/wp-json\/wp\/v2\/media\/147"}],"wp:attachment":[{"href":"https:\/\/www.caveda31.com\/blog\/wp-json\/wp\/v2\/media?parent=120"}],"wp:term":[{"taxonomy":"category","embeddable":true,"href":"https:\/\/www.caveda31.com\/blog\/wp-json\/wp\/v2\/categories?post=120"},{"taxonomy":"post_tag","embeddable":true,"href":"https:\/\/www.caveda31.com\/blog\/wp-json\/wp\/v2\/tags?post=120"}],"curies":[{"name":"wp","href":"https:\/\/api.w.org\/{rel}","templated":true}]}}